{"id":609,"date":"2019-12-20T09:32:05","date_gmt":"2019-12-20T09:32:05","guid":{"rendered":"https:\/\/desetaosnovna.edu.ba\/?p=609"},"modified":"2019-12-29T16:55:27","modified_gmt":"2019-12-29T16:55:27","slug":"prvo-mjesto-u-zenici-za-let-iznad-bosne-i-hercegovine","status":"publish","type":"post","link":"https:\/\/desetaosnovna.edu.ba\/index.php\/2019\/12\/20\/prvo-mjesto-u-zenici-za-let-iznad-bosne-i-hercegovine\/","title":{"rendered":"Prvo mjesto u Zenici za &#8220;Let iznad Bosne i Hercegovine&#8221;"},"content":{"rendered":"\n<h2 class=\"wp-block-heading\">Prvo mjesto u Zenici za &#8220;Let iznad Bosne i Hercegovine&#8221;<\/h2>\n\n\n\n<p> U prostorijama Muzeja grada Zenice od 12. do 14.12.2019. odr\u017ean je 21. FESTIVAL FILMA DJECE I OMLADINE \u201eZENICA 2019\u201c. u organizaciji Udru\u017eenja tehni\u010dke kulture ZDK, a pod pokroviteljstvom Grada Zenice i Ministarstva obrazovanja, nauke, kulture i sporta ZDK. Festival je zatvoren u subotu, 14.12.2019. godine progla\u0161enjem najboljih filmova za proteklu godinu.<br>U kategoriji crtani film nagradu je osvojio \u201dLet iznad Bosne i Hercegovine\u201d, rad mladih autora (VIII-2 razred) na\u0161e sekcije za strip, animaciju i film JU &#8220;Desete osnovne \u0161kole&#8221; Ilid\u017ea Admira Bibi\u0107a, Iman Meki\u0107 i Vahdeta Ibrahimovi\u0107a. <\/p>\n\n\n\nngg_shortcode_0_placeholder\n","protected":false},"excerpt":{"rendered":"<p>Prvo mjesto u Zenici za &#8220;Let iznad Bosne i Hercegovine&#8221; U prostorijama Muzeja grada Zenice od 12. do 14.12.2019. odr\u017ean &hellip; <\/p>\n","protected":false},"author":1,"featured_media":0,"comment_status":"closed","ping_status":"closed","sticky":false,"template":"","format":"status","meta":{"ngg_post_thumbnail":0,"footnotes":""},"categories":[1],"tags":[],"class_list":["post-609","post","type-post","status-publish","format-status","hentry","category-uncategorized","post_format-post-format-status"],"jetpack_featured_media_url":"","_links":{"self":[{"href":"https:\/\/desetaosnovna.edu.ba\/index.php\/wp-json\/wp\/v2\/posts\/609","targetHints":{"allow":["GET"]}}],"collection":[{"href":"https:\/\/desetaosnovna.edu.ba\/index.php\/wp-json\/wp\/v2\/posts"}],"about":[{"href":"https:\/\/desetaosnovna.edu.ba\/index.php\/wp-json\/wp\/v2\/types\/post"}],"author":[{"embeddable":true,"href":"https:\/\/desetaosnovna.edu.ba\/index.php\/wp-json\/wp\/v2\/users\/1"}],"replies":[{"embeddable":true,"href":"https:\/\/desetaosnovna.edu.ba\/index.php\/wp-json\/wp\/v2\/comments?post=609"}],"version-history":[{"count":4,"href":"https:\/\/desetaosnovna.edu.ba\/index.php\/wp-json\/wp\/v2\/posts\/609\/revisions"}],"predecessor-version":[{"id":647,"href":"https:\/\/desetaosnovna.edu.ba\/index.php\/wp-json\/wp\/v2\/posts\/609\/revisions\/647"}],"wp:attachment":[{"href":"https:\/\/desetaosnovna.edu.ba\/index.php\/wp-json\/wp\/v2\/media?parent=609"}],"wp:term":[{"taxonomy":"category","embeddable":true,"href":"https:\/\/desetaosnovna.edu.ba\/index.php\/wp-json\/wp\/v2\/categories?post=609"},{"taxonomy":"post_tag","embeddable":true,"href":"https:\/\/desetaosnovna.edu.ba\/index.php\/wp-json\/wp\/v2\/tags?post=609"}],"curies":[{"name":"wp","href":"https:\/\/api.w.org\/{rel}","templated":true}]}}