{"id":322,"date":"2020-10-27T10:29:04","date_gmt":"2020-10-27T10:29:04","guid":{"rendered":"https:\/\/desetaosnovna.edu.ba\/?p=322"},"modified":"2020-10-28T11:35:56","modified_gmt":"2020-10-28T11:35:56","slug":"aktivnosti","status":"publish","type":"post","link":"https:\/\/desetaosnovna.edu.ba\/index.php\/2020\/10\/27\/aktivnosti\/","title":{"rendered":"Aktivnosti"},"content":{"rendered":"\n<h2 class=\"wp-block-heading\">Nacionalni dan svjesnosti o bibliotekama<\/h2>\n\n\n\n<figure class=\"wp-block-gallery columns-2 is-cropped wp-block-gallery-1 is-layout-flex wp-block-gallery-is-layout-flex\"><ul class=\"blocks-gallery-grid\"><li class=\"blocks-gallery-item\"><figure><img loading=\"lazy\" decoding=\"async\" width=\"630\" height=\"960\" src=\"https:\/\/desetaosnovna.edu.ba\/wp-content\/uploads\/2020\/10\/122822905_178480887182999_1691727143496999500_n-1.jpg\" alt=\"\" data-id=\"1092\" data-full-url=\"https:\/\/desetaosnovna.edu.ba\/wp-content\/uploads\/2020\/10\/122822905_178480887182999_1691727143496999500_n-1.jpg\" data-link=\"https:\/\/desetaosnovna.edu.ba\/index.php\/2020\/10\/27\/nade-obrazovanih-jace-su-od-bogastva-neukih\/122822905_178480887182999_1691727143496999500_n-1\/\" class=\"wp-image-1092\" srcset=\"https:\/\/desetaosnovna.edu.ba\/wp-content\/uploads\/2020\/10\/122822905_178480887182999_1691727143496999500_n-1.jpg 630w, https:\/\/desetaosnovna.edu.ba\/wp-content\/uploads\/2020\/10\/122822905_178480887182999_1691727143496999500_n-1-197x300.jpg 197w\" sizes=\"auto, (max-width: 630px) 100vw, 630px\" \/><\/figure><\/li><li class=\"blocks-gallery-item\"><figure><img loading=\"lazy\" decoding=\"async\" width=\"679\" height=\"836\" src=\"https:\/\/desetaosnovna.edu.ba\/wp-content\/uploads\/2020\/10\/122902130_178540217177066_1582968934086629023_n-2.jpg\" alt=\"\" data-id=\"1091\" data-full-url=\"https:\/\/desetaosnovna.edu.ba\/wp-content\/uploads\/2020\/10\/122902130_178540217177066_1582968934086629023_n-2.jpg\" data-link=\"https:\/\/desetaosnovna.edu.ba\/index.php\/2020\/10\/27\/nade-obrazovanih-jace-su-od-bogastva-neukih\/122902130_178540217177066_1582968934086629023_n-2\/\" class=\"wp-image-1091\" srcset=\"https:\/\/desetaosnovna.edu.ba\/wp-content\/uploads\/2020\/10\/122902130_178540217177066_1582968934086629023_n-2.jpg 679w, https:\/\/desetaosnovna.edu.ba\/wp-content\/uploads\/2020\/10\/122902130_178540217177066_1582968934086629023_n-2-244x300.jpg 244w\" sizes=\"auto, (max-width: 679px) 100vw, 679px\" \/><\/figure><\/li><\/ul><\/figure>\n\n\n\n<h3 class=\"wp-block-heading\"> Obilje\u017een Svjetski dan animiranog filma <\/h3>\n\n\n\n<p>\n\nAnimirani&nbsp;ili&nbsp;crtani film&nbsp;je vid filmske&nbsp;umjetnosti.&nbsp;<strong>Svjetski dan animiranog filma<\/strong>&nbsp;28.oktobra, obilje\u017eava se u spomen&nbsp;<strong>Emilu Reynaudu<\/strong>&nbsp;(Emil Rejnoa) koji je 1892. godine u Parizu organizirao prvu projekciju animiranog filma na celuloidnoj vrpci.&nbsp;&nbsp;Sekcija za strip, animaciju i film JU&#8221;Desete osnovne \u0161kole&#8221; Ilid\u017ea koja je do sad, u svom kratkom postojanju snimila&nbsp;&nbsp;\u010detiri animirana filma (trenutno radi na petom)&nbsp; ve\u0107 tradicionalno taj dan obilje\u017eava premijernim projekcijama za u\u010denike na\u0161e, ali i drugih \u0161kola.&nbsp;Ove godine smo povodom&nbsp;&nbsp;Svjetskog dana animiranog&nbsp; filma&nbsp;<strong>29.10.2019.&nbsp;<\/strong>odr\u017eali premijeru za na\u0161e prva\u010di\u0107e, a zatim&nbsp;ugostili u\u010denike&nbsp;Osme osnovne \u0161kole \u201cAmer \u0106enanovi\u0107\u201d&nbsp;koji su prisustvovali izlo\u017ebi i projekciji video sadr\u017eaja (novi crtani film&nbsp;<strong>Let iznad Bosne i Hercegovine<\/strong>&nbsp;i &#8220;stari&#8221; crtani film&nbsp;<strong>Pri\u010dam ti pri\u010du<\/strong>&nbsp;u novom ruhu),&nbsp;&nbsp;radionici animacije, dodjeli diploma i zahvalnica u\u010denicima za u\u010de\u0161\u0107e na festivalima i manifestacijama,&nbsp;ali i gostima za podr\u0161ku u na\u0161im nastojanjima da na dostojanstven na\u010din obilje\u017eimo ovaj datum. Osim zahvalnice, gostima je uru\u010den i primjerak na\u0161eg vi\u0161estruko nagra\u0111ivanog (prvog) crtanog filma&nbsp;<strong>Gladna bajka<\/strong>, teprigodne strip razglednice, autorski rad sekcije za strip, animaciju i film.<br><\/p>\n\n\n\nngg_shortcode_0_placeholder\n\n\n\n<h3 class=\"wp-block-heading\"> Nacionalni dan svjesnosti o bibliotekama  <\/h3>\n\n\n\n<p>Izvje\u0161taj sa odr\u017eane manifestacije u biblioteci JU &#8220;Deseta osnovna \u0161kola&#8221; Ilid\u017ea<br> Tokom 25.10. u periodu od 08-16h, posjetioci su imali priliku da vide izlo\u017ebu i projekciju novog crtanog filma &#8211; &#8220;Let iznad Bosne i Hercegovine&#8221; sekcije za strip, animaciju i film, promocija strip albuma &#8220;Nacrtaj mi Sarajevo&#8221; Sabita Agi\u0107a&#8230;itd.<br>Tokom dana je odr\u017eano 6-7 projekcija (prva ve\u0107 u 8:30), nakon&nbsp; projekcije u 9:30h je nastupio na\u0161 &#8220;specijalni gost&#8221;: Sabit Agi\u0107, u\u010ditelj, lutkar, strip autor&#8230;&nbsp; Nakon zadnje (popodnevne) projekcije, kao dio sve\u010danosti na uru\u010dene su diplome i zahvalnice u\u010denicima za u\u010de\u0161\u0107e na festivalima i manifestacijama &#8220;Balkanska smotra mladih strip autora&#8221; (Leskovac) i&nbsp; &#8220;Dani europskog naslije\u0111a 2019 &#8211; Mladi i&nbsp;zabava&#8221; (Grude). Mali kuriozitet: uo\u0107i Nacionalnog dana svjesnosti o bibliotekama stigla nam je zahvalnica&nbsp;Narodne biblioteke &#8220;Radoje Domanovi\u0107&#8221; iz Leskovca za saradnju tokom dje\u010dije nedjelje, tako da je to uveli\u010dalo i upotpunilo na\u0161u malu sve\u010danost.<br>Vedad \u0160abanad\u017eovi\u0107,&nbsp;bibliotekar \u0161kole i voditelj sekcije<\/p>\n\n\n\nngg_shortcode_1_placeholder\n\n\n\n<h3 class=\"wp-block-heading\"> Manifestacija &#8220;Dani europskog naslije\u0111a&#8221; <\/h3>\n\n\n\n<p>Manifestacija &#8220;Dani europskog naslije\u0111a&#8221; utemeljena od strane Vije\u0107a Europe organizira se svake godine u europskim zemljama i ima za cilj privu\u0107i pozornost javnosti na potrebu i obvezu o\u010duvanja zajedni\u010dkog europskog naslije\u0111a. U sklopu manifestacije, koja se organizira ve\u0107 23 godine tradicionalno se organizira i edukativni program &#8220;Mladi i naslije\u0111e&#8221;. Federalno ministarstvo kulture i sporta organiziralo je natje\u010daj na temu: &#8220;Umjetnost i zabava &#8211; na\u0161a ba\u0161tina&#8221;. Time se poti\u010de mlade na o\u010duvanje, brigu i ljubav za svoje naslje\u0111e.&nbsp;&nbsp;&nbsp;<\/p>\n\n\n\n<p>&nbsp;&nbsp;Na natje\u010daju je sudjelovalo 129 osnovnih i srednjih \u0161kola iz Federacije BiH sa preko 500 u\u010deni\u010dkih radova.&nbsp;Sekcija za strip, animaciju i film JU \u02eeDeseta osnovna \u0161kola\u02ee je na natje\u010daju osvojila prvo mjesto sa crtanim filmom \u201dLet iznad Bosne i Hercegovine\u201d, rad mladih autora&nbsp; VIII razreda Admira Bibi\u0107a, Iman Meki\u0107 i Vahdeta Ibrahimovi\u0107a.<\/p>\n\n\n\n<p>&nbsp;&nbsp;U okviru programa predstavljena je izlo\u017eba najuspje\u0161nijih radova u Etno selu &#8220;Agroturizam Mari\u0107a Gaj&#8221; koji svjedo\u010de o znanju i ljubavi mladih za kulturno i povijesno naslije\u0111e BiH.<br>U srijedu, 02.10.2019. godine u 18:00h uprili\u010dena je sve\u010dana dodjela diploma nagra\u0111enim u\u010denicima, priznanja profesorima, te zahvalnica \u0161kolama \u010diji su u\u010denici osvojili nagrade, a koje je uru\u010dila Zora Dujmovi\u0107, federalna ministrica kulture i sporta.<\/p>\n\n\n\n<p>&nbsp;&nbsp;U sklopu manifestacije i programa &#8220;Mladi i naslije\u0111e &#8211; Umjetnost i zabava\u201c&nbsp;&nbsp;realiziran je bogat programski sadr\u017eaj kojeg su&nbsp;nagra\u0111eni u\u010denici su posjetili Muzej Gorica&nbsp;&nbsp;Franjeva\u010dka arheolo\u0161ka zbirka \u201eSv.Stjepan Prvomu\u010denik\u201c, arheolo\u0161ki lokalitet &#8211; Ravli\u0107a pe\u0107ina u Drinovcima, Grafotisak Grude gdje im se prezentirao razvoj \u0161tampe, Franjeva\u010dki muzej i galeriju u \u0160irokom Brijegu, muzej Franjeva\u010dkog samostana sv. Ante Padovanskog na Humcu, spomenike na Humcu i Vodopad Kravice, te brojnim aktivnostima u kojima su se upoznavali, dru\u017eili i stjecali nova prijateljstva.&nbsp;&nbsp;<\/p>\n\n\n\n<p>&nbsp;&nbsp;Prezentacija nagra\u0111enih video radova&nbsp;programa &#8220;Mladi i naslije\u0111e 2019&#8221; je&nbsp;odr\u017eana 03.10.2019 u 18:00h u Gimnaziji Ljubu\u0161ki,&nbsp;&nbsp;gdje je crtani film na\u0161ih u\u010denika dobio najve\u0107i aplauz i osvojio simpatije prisutnih.&nbsp;Time je&nbsp;zaklju\u010dena&nbsp;&nbsp;manifestacija&nbsp;&#8220;Dani europskog naslije\u0111a 2019&#8221;.<\/p>\n\n\n\n<h4 class=\"wp-block-heading\">Na\u0161im u\u010denicima i bibliotekaru \u010destitamo i \u017eelimo puno uspjeha u daljem radu.<\/h4>\n\n\n\nngg_shortcode_2_placeholder\n","protected":false},"excerpt":{"rendered":"<p>Nacionalni dan svjesnosti o bibliotekama Obilje\u017een Svjetski dan animiranog filma Animirani&nbsp;ili&nbsp;crtani film&nbsp;je vid filmske&nbsp;umjetnosti.&nbsp;Svjetski dan animiranog filma&nbsp;28.oktobra, obilje\u017eava se u &hellip; <\/p>\n","protected":false},"author":1,"featured_media":560,"comment_status":"closed","ping_status":"closed","sticky":false,"template":"","format":"standard","meta":{"ngg_post_thumbnail":0,"footnotes":""},"categories":[1],"tags":[],"class_list":["post-322","post","type-post","status-publish","format-standard","has-post-thumbnail","hentry","category-uncategorized"],"jetpack_featured_media_url":"https:\/\/desetaosnovna.edu.ba\/wp-content\/uploads\/2019\/08\/aktivbiblio-1-e1572809513730.png","_links":{"self":[{"href":"https:\/\/desetaosnovna.edu.ba\/index.php\/wp-json\/wp\/v2\/posts\/322","targetHints":{"allow":["GET"]}}],"collection":[{"href":"https:\/\/desetaosnovna.edu.ba\/index.php\/wp-json\/wp\/v2\/posts"}],"about":[{"href":"https:\/\/desetaosnovna.edu.ba\/index.php\/wp-json\/wp\/v2\/types\/post"}],"author":[{"embeddable":true,"href":"https:\/\/desetaosnovna.edu.ba\/index.php\/wp-json\/wp\/v2\/users\/1"}],"replies":[{"embeddable":true,"href":"https:\/\/desetaosnovna.edu.ba\/index.php\/wp-json\/wp\/v2\/comments?post=322"}],"version-history":[{"count":14,"href":"https:\/\/desetaosnovna.edu.ba\/index.php\/wp-json\/wp\/v2\/posts\/322\/revisions"}],"predecessor-version":[{"id":1094,"href":"https:\/\/desetaosnovna.edu.ba\/index.php\/wp-json\/wp\/v2\/posts\/322\/revisions\/1094"}],"wp:featuredmedia":[{"embeddable":true,"href":"https:\/\/desetaosnovna.edu.ba\/index.php\/wp-json\/wp\/v2\/media\/560"}],"wp:attachment":[{"href":"https:\/\/desetaosnovna.edu.ba\/index.php\/wp-json\/wp\/v2\/media?parent=322"}],"wp:term":[{"taxonomy":"category","embeddable":true,"href":"https:\/\/desetaosnovna.edu.ba\/index.php\/wp-json\/wp\/v2\/categories?post=322"},{"taxonomy":"post_tag","embeddable":true,"href":"https:\/\/desetaosnovna.edu.ba\/index.php\/wp-json\/wp\/v2\/tags?post=322"}],"curies":[{"name":"wp","href":"https:\/\/api.w.org\/{rel}","templated":true}]}}